{"id":12924,"date":"2022-10-07T10:51:32","date_gmt":"2022-10-07T08:51:32","guid":{"rendered":"https:\/\/www.borri.it\/?p=12924"},"modified":"2023-09-01T10:23:46","modified_gmt":"2023-09-01T08:23:46","slug":"al-via-il-corso-di-formazione-magazziniere-2-0-realizzato-da-borri","status":"publish","type":"post","link":"https:\/\/www.borri.it\/it\/al-via-il-corso-di-formazione-magazziniere-2-0-realizzato-da-borri\/","title":{"rendered":"Al via il corso di formazione \u201cMagazziniere 2.0.\u201d realizzato da Borri"},"content":{"rendered":"<h3>Obiettivo: creare nuove opportunit\u00e0 lavorative per figure professionali specializzate.<\/h3>\n<p>Partir\u00e0 marted\u00ec 11 ottobre il corso di formazione gratuito di 44 ore &#8220;Magazziniere 2.0&#8221; realizzato da Borri S.p.A. in collaborazione con Randstad Italia S.p.A., rivolto a neodiplomati e disoccupati, con l\u2019obbiettivo di inserimento all\u2019interno dell\u2019azienda casentinese.<\/p>\n<p>Dal 1932, Borri \u00e8 azienda leader nel settore elettronico, specializzata nella progettazione, produzione e assistenza di sistemi per la protezione dell\u2019alimentazione in applicazioni critiche e industriali. Con sede a Bibbiena, l\u2019azienda opera a livello internazionale grazie a un team di oltre 300 persone dislocate negli uffici e stabilimenti in Casentino, Veneto e nelle proprie filiali presenti in diversi paesi del mondo.<\/p>\n<p>Il corso, che si svolger\u00e0 negli stabilimenti produttivi di Borri, ha l\u2019obbiettivo di preparare personale addetto al magazzino, in una versione pi\u00f9 evoluta del classico ruolo di magazziniere. Il corso, infatti, non trasmetter\u00e0 solo competenze base per la gestione del magazzino ma fornir\u00e0 anche un primo approfondimento sull&#8217;intero processo produttivo, sui software gestionali utilizzati e sulla gestione amministrativa del reparto.<\/p>\n<p>Parteciperanno al corso 6 candidati selezionati dall\u2019agenzia Randstad Italia S.p.A. e da Borri, provenienti dal territorio: un impegno verso la comunit\u00e0 locale che Borri, attiva da oltre 90 anni, rinnova anche sul fronte occupazionale.<\/p>\n<p><em>&#8220;La partecipazione a questo progetto di formazione costituisce per noi un\u2019opportunit\u00e0 di inserimento di personale formato e motivato all\u2019interno della nostra azienda.&#8221; <\/em>\u2013 ha dichiarato Fausto Beoni, CEO di Borri S.p.A. \u2013 &#8220;<em>In un momento di difficolt\u00e0 nel reperire figure professionali, di cui per\u00f2 l\u2019azienda ha fortemente bisogno, collaborare in un\u2019attivit\u00e0 formativa dedicata rappresenta per noi un investimento sull\u2019azienda e sulle persone<\/em>. <em>Siamo fiduciosi che questa iniziativa possa creare, infatti, nuove opportunit\u00e0 lavorative per profili che attivamente abbiamo contribuito a formare&#8221;.<\/em><\/p>\n<p>Sostiene Annalisa Togni Unit manager Randstad Italia S.p.A.: &#8220;<em>In un momento come quello che stiamo vivendo dal punto di vista della scarcity di candidati specializzati \u00e8 fondamentale trovare aziende come Borri S.p.A. che credono nel valore della formazione per continuare ad investire sul territorio. Infatti, daremo la possibilit\u00e0 a 6 disoccupati del territorio Casentinese di essere di inseriti in un percorso formativo che permetter\u00e0 loro di acquisire il patentino del muletto ed avere una visione globale dei processi che coinvolgono produzione e gestione del magazzino&#8221;.<\/em><\/p>\n","protected":false},"excerpt":{"rendered":"<p>Obiettivo: creare nuove opportunit\u00e0 lavorative per figure professionali specializzate. Partir\u00e0 marted\u00ec 11 ottobre il corso di formazione gratuito di 44 ore &#8220;Magazziniere 2.0&#8221; realizzato da Borri S.p.A. in collaborazione con Randstad Italia S.p.A., rivolto a neodiplomati e disoccupati, con l\u2019obbiettivo di inserimento all\u2019interno dell\u2019azienda casentinese. Dal 1932, Borri \u00e8 azienda leader nel settore elettronico, specializzata<\/p>\n","protected":false},"author":2,"featured_media":12929,"comment_status":"closed","ping_status":"closed","sticky":false,"template":"","format":"standard","meta":{"footnotes":""},"categories":[112],"tags":[],"yoast_head":"<!-- This site is optimized with the Yoast SEO Premium plugin v21.9 (Yoast SEO v21.9.1) - https:\/\/yoast.com\/wordpress\/plugins\/seo\/ -->\n<title>Al via il corso di formazione \u201cMagazziniere 2.0.\u201d realizzato da Borri - Borri<\/title>\n<meta name=\"description\" content=\"Corso di formazione realizzato dall&#039;azienda casentinese in collaborazione con Randstad Italia, rivolto a neodiplomati e disoccupati,\" \/>\n<meta name=\"robots\" content=\"index, follow, max-snippet:-1, max-image-preview:large, max-video-preview:-1\" \/>\n<link rel=\"canonical\" href=\"https:\/\/www.borri.it\/it\/al-via-il-corso-di-formazione-magazziniere-2-0-realizzato-da-borri\/\" \/>\n<meta property=\"og:locale\" content=\"it_IT\" \/>\n<meta property=\"og:type\" content=\"article\" \/>\n<meta property=\"og:title\" content=\"Al via il corso di formazione \u201cMagazziniere 2.0.\u201d realizzato da Borri\" \/>\n<meta property=\"og:description\" content=\"Corso di formazione realizzato dall&#039;azienda casentinese in collaborazione con Randstad Italia, rivolto a neodiplomati e disoccupati,\" \/>\n<meta property=\"og:url\" content=\"https:\/\/www.borri.it\/it\/al-via-il-corso-di-formazione-magazziniere-2-0-realizzato-da-borri\/\" \/>\n<meta property=\"og:site_name\" content=\"Borri\" \/>\n<meta property=\"article:published_time\" content=\"2022-10-07T08:51:32+00:00\" \/>\n<meta property=\"article:modified_time\" content=\"2023-09-01T08:23:46+00:00\" \/>\n<meta property=\"og:image\" content=\"https:\/\/www.borri.it\/wp-content\/uploads\/2022\/10\/Borri_Stabilimento_Soci-Bibbiena_small.jpg\" \/>\n\t<meta property=\"og:image:width\" content=\"435\" \/>\n\t<meta property=\"og:image:height\" content=\"213\" \/>\n\t<meta property=\"og:image:type\" content=\"image\/jpeg\" \/>\n<meta name=\"author\" content=\"Borri spa\" \/>\n<meta name=\"twitter:card\" content=\"summary_large_image\" \/>\n<meta name=\"twitter:label1\" content=\"Scritto da\" \/>\n\t<meta name=\"twitter:data1\" content=\"Borri spa\" \/>\n\t<meta name=\"twitter:label2\" content=\"Tempo di lettura stimato\" \/>\n\t<meta name=\"twitter:data2\" content=\"2 minuti\" \/>\n<script type=\"application\/ld+json\" class=\"yoast-schema-graph\">{\"@context\":\"https:\/\/schema.org\",\"@graph\":[{\"@type\":\"WebPage\",\"@id\":\"https:\/\/www.borri.it\/it\/al-via-il-corso-di-formazione-magazziniere-2-0-realizzato-da-borri\/\",\"url\":\"https:\/\/www.borri.it\/it\/al-via-il-corso-di-formazione-magazziniere-2-0-realizzato-da-borri\/\",\"name\":\"Al via il corso di formazione \u201cMagazziniere 2.0.\u201d realizzato da Borri - Borri\",\"isPartOf\":{\"@id\":\"https:\/\/www.borri.it\/#website\"},\"datePublished\":\"2022-10-07T08:51:32+00:00\",\"dateModified\":\"2023-09-01T08:23:46+00:00\",\"author\":{\"@id\":\"https:\/\/www.borri.it\/#\/schema\/person\/f9fff6aaa006f089e7dba66b497b572a\"},\"description\":\"Corso di formazione realizzato dall'azienda casentinese in collaborazione con Randstad Italia, rivolto a neodiplomati e disoccupati,\",\"breadcrumb\":{\"@id\":\"https:\/\/www.borri.it\/it\/al-via-il-corso-di-formazione-magazziniere-2-0-realizzato-da-borri\/#breadcrumb\"},\"inLanguage\":\"it-IT\",\"potentialAction\":[{\"@type\":\"ReadAction\",\"target\":[\"https:\/\/www.borri.it\/it\/al-via-il-corso-di-formazione-magazziniere-2-0-realizzato-da-borri\/\"]}]},{\"@type\":\"BreadcrumbList\",\"@id\":\"https:\/\/www.borri.it\/it\/al-via-il-corso-di-formazione-magazziniere-2-0-realizzato-da-borri\/#breadcrumb\",\"itemListElement\":[{\"@type\":\"ListItem\",\"position\":1,\"name\":\"Home\",\"item\":\"https:\/\/www.borri.it\/\"},{\"@type\":\"ListItem\",\"position\":2,\"name\":\"Al via il corso di formazione \u201cMagazziniere 2.0.\u201d realizzato da Borri\"}]},{\"@type\":\"WebSite\",\"@id\":\"https:\/\/www.borri.it\/#website\",\"url\":\"https:\/\/www.borri.it\/\",\"name\":\"Borri\",\"description\":\"Soluzioni UPS per la protezione dell\u2019alimentazione\",\"potentialAction\":[{\"@type\":\"SearchAction\",\"target\":{\"@type\":\"EntryPoint\",\"urlTemplate\":\"https:\/\/www.borri.it\/?s={search_term_string}\"},\"query-input\":\"required name=search_term_string\"}],\"inLanguage\":\"it-IT\"},{\"@type\":\"Person\",\"@id\":\"https:\/\/www.borri.it\/#\/schema\/person\/f9fff6aaa006f089e7dba66b497b572a\",\"name\":\"Borri spa\",\"image\":{\"@type\":\"ImageObject\",\"inLanguage\":\"it-IT\",\"@id\":\"https:\/\/www.borri.it\/#\/schema\/person\/image\/\",\"url\":\"https:\/\/secure.gravatar.com\/avatar\/3b8705bc98d6b86e30d83de14cc15f52?s=96&d=mm&r=g\",\"contentUrl\":\"https:\/\/secure.gravatar.com\/avatar\/3b8705bc98d6b86e30d83de14cc15f52?s=96&d=mm&r=g\",\"caption\":\"Borri spa\"}}]}<\/script>\n<!-- \/ Yoast SEO Premium plugin. -->","yoast_head_json":{"title":"Al via il corso di formazione \u201cMagazziniere 2.0.\u201d realizzato da Borri - Borri","description":"Corso di formazione realizzato dall'azienda casentinese in collaborazione con Randstad Italia, rivolto a neodiplomati e disoccupati,","robots":{"index":"index","follow":"follow","max-snippet":"max-snippet:-1","max-image-preview":"max-image-preview:large","max-video-preview":"max-video-preview:-1"},"canonical":"https:\/\/www.borri.it\/it\/al-via-il-corso-di-formazione-magazziniere-2-0-realizzato-da-borri\/","og_locale":"it_IT","og_type":"article","og_title":"Al via il corso di formazione \u201cMagazziniere 2.0.\u201d realizzato da Borri","og_description":"Corso di formazione realizzato dall'azienda casentinese in collaborazione con Randstad Italia, rivolto a neodiplomati e disoccupati,","og_url":"https:\/\/www.borri.it\/it\/al-via-il-corso-di-formazione-magazziniere-2-0-realizzato-da-borri\/","og_site_name":"Borri","article_published_time":"2022-10-07T08:51:32+00:00","article_modified_time":"2023-09-01T08:23:46+00:00","og_image":[{"width":435,"height":213,"url":"https:\/\/www.borri.it\/wp-content\/uploads\/2022\/10\/Borri_Stabilimento_Soci-Bibbiena_small.jpg","type":"image\/jpeg"}],"author":"Borri spa","twitter_card":"summary_large_image","twitter_misc":{"Scritto da":"Borri spa","Tempo di lettura stimato":"2 minuti"},"schema":{"@context":"https:\/\/schema.org","@graph":[{"@type":"WebPage","@id":"https:\/\/www.borri.it\/it\/al-via-il-corso-di-formazione-magazziniere-2-0-realizzato-da-borri\/","url":"https:\/\/www.borri.it\/it\/al-via-il-corso-di-formazione-magazziniere-2-0-realizzato-da-borri\/","name":"Al via il corso di formazione \u201cMagazziniere 2.0.\u201d realizzato da Borri - Borri","isPartOf":{"@id":"https:\/\/www.borri.it\/#website"},"datePublished":"2022-10-07T08:51:32+00:00","dateModified":"2023-09-01T08:23:46+00:00","author":{"@id":"https:\/\/www.borri.it\/#\/schema\/person\/f9fff6aaa006f089e7dba66b497b572a"},"description":"Corso di formazione realizzato dall'azienda casentinese in collaborazione con Randstad Italia, rivolto a neodiplomati e disoccupati,","breadcrumb":{"@id":"https:\/\/www.borri.it\/it\/al-via-il-corso-di-formazione-magazziniere-2-0-realizzato-da-borri\/#breadcrumb"},"inLanguage":"it-IT","potentialAction":[{"@type":"ReadAction","target":["https:\/\/www.borri.it\/it\/al-via-il-corso-di-formazione-magazziniere-2-0-realizzato-da-borri\/"]}]},{"@type":"BreadcrumbList","@id":"https:\/\/www.borri.it\/it\/al-via-il-corso-di-formazione-magazziniere-2-0-realizzato-da-borri\/#breadcrumb","itemListElement":[{"@type":"ListItem","position":1,"name":"Home","item":"https:\/\/www.borri.it\/"},{"@type":"ListItem","position":2,"name":"Al via il corso di formazione \u201cMagazziniere 2.0.\u201d realizzato da Borri"}]},{"@type":"WebSite","@id":"https:\/\/www.borri.it\/#website","url":"https:\/\/www.borri.it\/","name":"Borri","description":"Soluzioni UPS per la protezione dell\u2019alimentazione","potentialAction":[{"@type":"SearchAction","target":{"@type":"EntryPoint","urlTemplate":"https:\/\/www.borri.it\/?s={search_term_string}"},"query-input":"required name=search_term_string"}],"inLanguage":"it-IT"},{"@type":"Person","@id":"https:\/\/www.borri.it\/#\/schema\/person\/f9fff6aaa006f089e7dba66b497b572a","name":"Borri spa","image":{"@type":"ImageObject","inLanguage":"it-IT","@id":"https:\/\/www.borri.it\/#\/schema\/person\/image\/","url":"https:\/\/secure.gravatar.com\/avatar\/3b8705bc98d6b86e30d83de14cc15f52?s=96&d=mm&r=g","contentUrl":"https:\/\/secure.gravatar.com\/avatar\/3b8705bc98d6b86e30d83de14cc15f52?s=96&d=mm&r=g","caption":"Borri spa"}}]}},"_links":{"self":[{"href":"https:\/\/www.borri.it\/it\/wp-json\/wp\/v2\/posts\/12924"}],"collection":[{"href":"https:\/\/www.borri.it\/it\/wp-json\/wp\/v2\/posts"}],"about":[{"href":"https:\/\/www.borri.it\/it\/wp-json\/wp\/v2\/types\/post"}],"author":[{"embeddable":true,"href":"https:\/\/www.borri.it\/it\/wp-json\/wp\/v2\/users\/2"}],"replies":[{"embeddable":true,"href":"https:\/\/www.borri.it\/it\/wp-json\/wp\/v2\/comments?post=12924"}],"version-history":[{"count":5,"href":"https:\/\/www.borri.it\/it\/wp-json\/wp\/v2\/posts\/12924\/revisions"}],"predecessor-version":[{"id":12934,"href":"https:\/\/www.borri.it\/it\/wp-json\/wp\/v2\/posts\/12924\/revisions\/12934"}],"wp:featuredmedia":[{"embeddable":true,"href":"https:\/\/www.borri.it\/it\/wp-json\/wp\/v2\/media\/12929"}],"wp:attachment":[{"href":"https:\/\/www.borri.it\/it\/wp-json\/wp\/v2\/media?parent=12924"}],"wp:term":[{"taxonomy":"category","embeddable":true,"href":"https:\/\/www.borri.it\/it\/wp-json\/wp\/v2\/categories?post=12924"},{"taxonomy":"post_tag","embeddable":true,"href":"https:\/\/www.borri.it\/it\/wp-json\/wp\/v2\/tags?post=12924"}],"curies":[{"name":"wp","href":"https:\/\/api.w.org\/{rel}","templated":true}]}}